{"id":2597,"date":"2021-01-29T09:58:59","date_gmt":"2021-01-29T14:58:59","guid":{"rendered":"https:\/\/resources.purolator.com\/?p=2597"},"modified":"2022-05-30T09:54:55","modified_gmt":"2022-05-30T13:54:55","slug":"mois-de-lhistoire-des-noirs-celebrer-la-resilience-et-les-realisations","status":"publish","type":"post","link":"https:\/\/resources.purolator.com\/fr\/mois-de-lhistoire-des-noirs-celebrer-la-resilience-et-les-realisations\/","title":{"rendered":"Mois de l\u2019histoire des Noirs : C\u00e9l\u00e9brer la r\u00e9silience et les r\u00e9alisations"},"content":{"rendered":"<p>F\u00e9vrier est le Mois de l\u2019histoire des Noirs, une occasion de c\u00e9l\u00e9brer la riche culture, les traditions et les contributions des Canadiens noirs. Les entreprises appartenant \u00e0 des Noirs sont des \u00e9l\u00e9ments essentiels de notre \u00e9conomie et de l\u2019avenir de notre nation.<\/p>\n<p>Purolator tient \u00e0 souligner et \u00e0 c\u00e9l\u00e9brer les formidables r\u00e9alisations des Noirs dans l\u2019histoire du Canada, et des entrepreneurs en particulier. Nous avons r\u00e9cemment demand\u00e9 aux propri\u00e9taires noirs de petites entreprises de r\u00e9fl\u00e9chir aux sources d\u2019inspiration qui sous-tendent leur vision, leur r\u00e9silience et leur succ\u00e8s. Voici quelques-unes de leurs histoires.<\/p>\n<section id=\"Natasha-Patten\">\n<div style=\"background-color: #eef3f3; padding: 2rem 3rem 1rem 3rem; margin-bottom: 1rem;\">\n<div class=\"grid-x grid-padding-x row-mobile align-middle\">\n<div class=\"cell small-12 medium-4\" style=\"text-align: center;\">\n<p><img decoding=\"async\" class=\"alignnone\" style=\"border-radius: 100px;\" src=\"https:\/\/resources.purolator.com\/wp-content\/uploads\/2021\/01\/Natasha_Patten_Purolator-3.png\" alt=\"Natasha Patten, owner of My Coat is Blue\" width=\"150\" height=\"354\" \/><\/p>\n<p style=\"margin-top: -.5rem;\"><strong>Natasha Patten<\/strong><a href=\"http:\/\/www.mycoatisblue.com\" target=\"_blank\" rel=\"noopener noreferrer\"><span style=\"font-size: .8em; display: block;\">mycoatisblue<\/span><\/a><\/p>\n<\/div>\n<div class=\"cell small-12 medium-8\">\u00ab J\u2019ai \u00e9t\u00e9 motiv\u00e9e \u00e0 en apprendre le plus possible sur mon art, sur l\u2019industrie et sur la fa\u00e7on de rester fid\u00e8le \u00e0 ma vision. Donc, lorsque de nouvelles occasions se pr\u00e9sentent, je n\u2019ai pas l\u2019impression de me sous-estimer. \u00bb<\/div>\n<\/div>\n<\/div>\n<p>C\u2019est peut-\u00eatre inhabituel, mon inspiration pour le Mois de l\u2019histoire des Noirs n\u2019est pas une figure ni un mouvement historique. C\u2019est en fait une personne de ma famille qui a jou\u00e9 un r\u00f4le essentiel dans la fa\u00e7on dont je con\u00e7ois mes id\u00e9es cr\u00e9atives \u00e0 titre de professionnelle. Je raconte souvent que ma tante et mon oncle m\u2019ont incit\u00e9 \u00e0 vivre ma passion pour la mode, mais c\u2019est un autre oncle qui m\u2019a permis de me consacrer \u00e0 ma carri\u00e8re de cr\u00e9atrice professionnelle et de m\u2019\u00e9panouir dans mon industrie tout en restant fid\u00e8le \u00e0 mon esth\u00e9tique et \u00e0 ma vision.<\/p>\n<blockquote><p>\u00ab <em>Au lieu d\u2019essayer d\u2019\u00eatre ce que je ne suis pas, j\u2019ai choisi ma voie, et cela m\u2019a bien servi. <\/em>\u00bb<\/p><\/blockquote>\n<p>Clement\u00a0Ishmael, qui est le superviseur musical \u00e0 l\u2019\u00e9chelle mondiale pour <em>Le Roi\u00a0Lion<\/em> de Disney, est un compositeur et un \u00e9crivain accompli qui a maintenu le cap pendant les jours difficiles o\u00f9 il tentait de r\u00e9ussir dans un secteur qui n\u2019appuyait pas n\u00e9cessairement les cr\u00e9ateurs noirs. Il a commenc\u00e9 par transposer des partitions (\u00e0 la main) comme directeur musical adjoint et a men\u00e9 sa carri\u00e8re jusqu\u2019\u00e0 ce qu\u2019il atteigne le niveau international actuel. Clement est toujours all\u00e9 de l\u2019avant et s\u2019est battu pour obtenir certains postes qui auraient d\u00fb lui \u00eatre attribu\u00e9s \u00e0 juste titre. Je l\u2019ai observ\u00e9 et j\u2019ai appris.<\/p>\n<p>\u00ab\u00a0Les gens seront attir\u00e9s par la qualit\u00e9 des produits, plus que toute autre chose. Ce n\u2019est pas le cas de tout le monde, bien s\u00fbr, mais en fin de compte, ces personnes qui veulent ce produit deviendront vos clients.\u00a0\u00bb<\/p>\n<p>J\u2019ai \u00e9t\u00e9 motiv\u00e9e \u00e0 en apprendre le plus possible sur mon art, sur l\u2019industrie et sur la fa\u00e7on de rester fid\u00e8le \u00e0 ma vision. Donc, lorsque de nouvelles occasions se pr\u00e9sentent, je n\u2019ai pas l\u2019impression de me sous-estimer.\u00a0 Mon processus et mon mod\u00e8le d\u2019affaires ne sont pas la norme dans ce domaine, et de nombreuses personnes les ont remis en question lorsque j\u2019ai commenc\u00e9. Au lieu d\u2019essayer d\u2019\u00eatre ce que je ne suis pas, j\u2019ai choisi ma voie et cela m\u2019a bien servi. Merci, oncle Clement, d\u2019avoir ouvert la voie \u00e0 de nombreux cr\u00e9atifs et propri\u00e9taires noirs de petites entreprises, comme moi.<\/p>\n<p>&nbsp;<\/p>\n<section id=\"Claire-Carreras\"><img decoding=\"async\" class=\"aligncenter wp-image-2582\" src=\"https:\/\/resources.purolator.com\/wp-content\/uploads\/2021\/01\/mycoatisblue_coats-1200x800.jpg\" alt=\"mycoatisblue models wearing fashionable coats\" width=\"593\" height=\"395\" \/><\/p>\n<div style=\"background-color: #eef3f3; padding: 2rem 3rem 1rem 3rem; margin-bottom: 1rem;\">\n<div class=\"grid-x grid-padding-x row-mobile align-middle\">\n<div class=\"cell small-12 medium-4\" style=\"text-align: center;\">\n<p><img decoding=\"async\" class=\"alignnone\" style=\"border-radius: 100px;\" src=\"https:\/\/resources.purolator.com\/wp-content\/uploads\/2021\/01\/white_rhino_claire.jpg-1.png\" alt=\"Claire Carreras, owner of White Rhino Bags\" width=\"150\" height=\"354\" \/><\/p>\n<p style=\"margin-top: -.5rem;\"><strong>Claire Carreras<\/strong><a href=\"http:\/\/www.whiterhinobags.com\" target=\"_blank\" rel=\"noopener noreferrer\"><span style=\"font-size: .8em; display: block;\">White Rhino Bags<\/span><\/a><\/p>\n<\/div>\n<div class=\"cell small-12 medium-8\">\u00ab <em>Quand je pense \u00e0 la pers\u00e9v\u00e9rance dont elles ont fait preuve pour r\u00e9aliser leurs r\u00eaves, je sais que je ne suis pas la seule \u00e0 faire face \u00e0 ces difficult\u00e9s. <\/em>\u00a0<em>\u00bb<\/em><\/div>\n<\/div>\n<\/div>\n<p>Plusieurs femmes de couleur incroyables ont accompli de grandes choses dans le pass\u00e9 et de nos jours. Beaucoup d\u2019entre elles ont influenc\u00e9 le courant dominant et ont d\u00fb lutter pour \u00eatre reconnues comme des pionni\u00e8res dans leur industrie.<\/p>\n<p>On peut citer April\u00a0Walker et Misa\u00a0Hylton. Elles sont v\u00e9n\u00e9r\u00e9es dans l\u2019industrie de la mode, mais on r\u00e9alise les d\u00e9fis qu\u2019elles ont relev\u00e9s dans le documentaire <em>The Remix: Hip\u00a0Hop\u00a0X Fashion<\/em>, qui raconte les luttes des visionnaires noirs dans ce domaine.<\/p>\n<p>Le parcours de Madam\u00a0C.J.\u00a0Walker pour devenir millionnaire et militante est aussi une source d\u2019inspiration.<\/p>\n<p>Madam\u00a0C.J.\u00a0Walker a perdu ses parents tr\u00e8s jeune et n\u2019a pas fait d\u2019\u00e9tudes. Elle est partie de rien et a d\u00e9marr\u00e9 son entreprise en croyant \u00e0 son r\u00eave.<\/p>\n<p>Prendre conscience de ce qu\u2019elle et les autres ont d\u00fb surmonter afin d\u2019\u00eatre reconnues et prises au s\u00e9rieux dans leur domaine d\u2019expertise a profond\u00e9ment stimul\u00e9 ma motivation.<\/p>\n<blockquote><p><em>\u00ab\u00a0Pour r\u00e9ussir en tant que propri\u00e9taire noire d\u2019une petite entreprise, il faut d\u2019abord croire en soi et en sa valeur.\u00a0\u00bb<\/em><\/p><\/blockquote>\n<p>Quand je pense \u00e0 la pers\u00e9v\u00e9rance dont elles ont fait preuve pour r\u00e9aliser leurs r\u00eaves, je sais que je ne suis pas la seule \u00e0 faire face \u00e0 ces difficult\u00e9s. Si je reste fid\u00e8le \u00e0 moi-m\u00eame et que je n\u2019abandonne pas, je peux devenir la femme, l\u2019entrepreneure et la leader que j\u2019aspire \u00e0 \u00eatre\u00a0: c\u2019est une grande force.<\/p>\n<p>Pour r\u00e9ussir en tant que propri\u00e9taire noire d\u2019une petite entreprise, il faut d\u2019abord croire en soi et en sa valeur. Ce sont les femmes de couleur qui m\u2019inspirent et me rappellent chaque jour que je contr\u00f4le ma vie.<\/p>\n<p>Le chemin d\u2019une propri\u00e9taire de petite entreprise est souvent impr\u00e9visible, solitaire et incertain. L\u2019histoire de ces femmes me donne le courage et la confiance n\u00e9cessaires pour poursuivre ma route vers la r\u00e9ussite en continuant \u00e0 construire.<\/p>\n<p><img decoding=\"async\" class=\"wp-image-2584 aligncenter\" src=\"https:\/\/resources.purolator.com\/wp-content\/uploads\/2021\/01\/white_rhino_little_bud_day_bag-1204x800.jpg\" alt=\"White Rhino Bags lined up on display\" width=\"536\" height=\"356\" srcset=\"https:\/\/resources.purolator.com\/wp-content\/uploads\/2021\/01\/white_rhino_little_bud_day_bag-1204x800.jpg 1204w, https:\/\/resources.purolator.com\/wp-content\/uploads\/2021\/01\/white_rhino_little_bud_day_bag-527x350.jpg 527w, https:\/\/resources.purolator.com\/wp-content\/uploads\/2021\/01\/white_rhino_little_bud_day_bag-768x510.jpg 768w, https:\/\/resources.purolator.com\/wp-content\/uploads\/2021\/01\/white_rhino_little_bud_day_bag-1536x1020.jpg 1536w, https:\/\/resources.purolator.com\/wp-content\/uploads\/2021\/01\/white_rhino_little_bud_day_bag-900x598.jpg 900w, https:\/\/resources.purolator.com\/wp-content\/uploads\/2021\/01\/white_rhino_little_bud_day_bag.jpg 1626w\" sizes=\"(max-width: 536px) 100vw, 536px\" \/><\/p>\n<section id=\"Trevor-Silver\">\n<div style=\"background-color: #eef3f3; padding: 2rem 3rem 1rem 3rem; margin-bottom: 1rem;\">\n<div class=\"grid-x grid-padding-x row-mobile align-middle\">\n<div class=\"cell small-12 medium-4\" style=\"text-align: center;\">\n<p><img decoding=\"async\" class=\"alignnone\" style=\"border-radius: 100px;\" src=\"https:\/\/resources.purolator.com\/wp-content\/uploads\/2021\/01\/tREv_clothing_trevor_standing-1.jpg\" alt=\"Trevor Silver, owner of tREv Clothing\" width=\"150\" height=\"354\" \/><\/p>\n<p style=\"margin-top: -.5rem;\"><strong>Trevor\u00a0 Silver<\/strong><a href=\"http:\/\/www.trevclothing.com\" target=\"_blank\" rel=\"noopener noreferrer\"><span style=\"font-size: .8em; display: block;\">tREv\u00a0 Clothing<\/span><\/a><\/p>\n<\/div>\n<div class=\"cell small-12 medium-8\">\u00ab [&#8230;] peu importe d\u2019o\u00f9 l\u2019on vient et ce qu\u2019on a v\u00e9cu, il n\u2019est jamais trop tard pour s\u2019am\u00e9liorer et apporter sa contribution dans le monde. \u00bb<\/div>\n<\/div>\n<\/div>\n<p>Pour le Mois de l\u2019histoire des Noirs, je citerai Malcolm\u00a0X comme une source d\u2019inspiration. Quand j\u2019ai regard\u00e9 le film sur sa vie et lu son autobiographie, j\u2019ai compris que peu importe d\u2019o\u00f9 l\u2019on vient et ce qu\u2019on a v\u00e9cu, il n\u2019est jamais trop tard pour s\u2019am\u00e9liorer et apporter sa contribution dans le monde.<\/p>\n<blockquote><p><em>\u00ab\u00a0[&#8230;] il n\u2019est jamais trop tard pour s\u2019am\u00e9liorer et apporter sa contribution dans le monde.\u00a0\u00bb<\/em><\/p><\/blockquote>\n<p>Tout au long de sa vie, Malcolm\u00a0X a continu\u00e9 d\u2019\u00e9voluer et de s\u2019\u00e9panouir gr\u00e2ce au savoir et \u00e0 ses exp\u00e9riences. Que ce soit en voyageant ou en \u00e9tudiant, il se r\u00e9inventait constamment. Nous essayons tous de nous perfectionner lorsque nous sortons de notre zone de confort.<\/p>\n<p>Cette id\u00e9e d\u2019acquisition d\u2019exp\u00e9rience et d\u2019\u00e9volution constante m\u2019a incit\u00e9 \u00e0 apprendre tout au long de ma vie, \u00e0 faire des \u00e9tudes sup\u00e9rieures \u00e0 l\u2019Universit\u00e9 Dalhousie, \u00e0 d\u00e9couvrir le monde et \u00e0 rencontrer de nouvelles personnes. Tout cela m\u2019a permis de faire des progr\u00e8s dans la vie et en affaires.<\/p>\n<p>Voici l\u2019une de mes citations pr\u00e9f\u00e9r\u00e9es de Malcolm\u00a0X\u00a0: \u00ab\u00a0L\u2019\u00e9ducation est le passeport pour l\u2019avenir, car demain appartient \u00e0 ceux qui s\u2019y pr\u00e9parent d\u00e8s aujourd\u2019hui.\u00a0\u00bb Je peux facilement faire un parall\u00e8le avec la vie et les affaires. En raison du rythme croissant des changements dans le monde li\u00e9s aux soci\u00e9t\u00e9s et aux technologies, nous devrons constamment nous former pour nous adapter aux d\u00e9fis et saisir les occasions.<\/p>\n<p><img decoding=\"async\" class=\" wp-image-2591 aligncenter\" src=\"https:\/\/resources.purolator.com\/wp-content\/uploads\/2021\/01\/tREv_Clothing_fashions-1198x800.jpg\" alt=\"tREv Clothing models on the street\" width=\"608\" height=\"406\" srcset=\"https:\/\/resources.purolator.com\/wp-content\/uploads\/2021\/01\/tREv_Clothing_fashions-1198x800.jpg 1198w, https:\/\/resources.purolator.com\/wp-content\/uploads\/2021\/01\/tREv_Clothing_fashions-524x350.jpg 524w, https:\/\/resources.purolator.com\/wp-content\/uploads\/2021\/01\/tREv_Clothing_fashions-768x513.jpg 768w, https:\/\/resources.purolator.com\/wp-content\/uploads\/2021\/01\/tREv_Clothing_fashions-1536x1025.jpg 1536w, https:\/\/resources.purolator.com\/wp-content\/uploads\/2021\/01\/tREv_Clothing_fashions-900x601.jpg 900w\" sizes=\"(max-width: 608px) 100vw, 608px\" \/><\/p>\n<section id=\"Marlene-Spence\">\n<div style=\"background-color: #eef3f3; padding: 2rem 3rem 1rem 3rem; margin-bottom: 1rem;\">\n<div class=\"grid-x grid-padding-x row-mobile align-middle\">\n<div class=\"cell small-12 medium-4\" style=\"text-align: center;\">\n<section id=\"Marlene-Spence\"><img decoding=\"async\" class=\"alignnone\" style=\"border-radius: 100px;\" src=\"https:\/\/resources.purolator.com\/wp-content\/uploads\/2021\/01\/rewardum_marlene_portrait.png\" alt=\"Marlene Spence, owner of Reward'um\" width=\"150\" height=\"354\" \/><\/p>\n<p style=\"margin-top: -.5rem;\"><strong>Marlene\u00a0 Spence<\/strong><a href=\"http:\/\/www.rewardum.com\" target=\"_blank\" rel=\"noopener noreferrer\"><span style=\"font-size: .8em; display: block;\">Reward&rsquo;um<\/span><\/a><\/p>\n<\/section>\n<\/div>\n<div class=\"cell small-12 medium-8\">\u00ab Lorsque je suis confront\u00e9e \u00e0 la d\u00e9faite, au rejet et \u00e0 la frustration, je pense aux pionni\u00e8res noires qui m\u2019ont ouvert la voie. \u00bb<\/div>\n<\/div>\n<\/div>\n<p>Lorsque j\u2019ai commenc\u00e9 ma carri\u00e8re en apportant du soutien aux enfants et aux jeunes aux prises avec des probl\u00e8mes comportementaux et cognitifs, ma passion pour aider les familles a grandi. J\u2019aspirais \u00e0 devenir entrepreneure afin d\u2019utiliser mon expertise pour leur donner les moyens d\u2019agir.<\/p>\n<p>Malgr\u00e9 tout, pendant de nombreuses ann\u00e9es, mes doutes et ma peur m\u2019ont paralys\u00e9e. \u00ab\u00a0Puis-je, moi, une femme noire, \u00e9pouse et m\u00e8re, r\u00e9ussir?\u00a0\u00bb Madam\u00a0C.J.\u00a0Walker (premi\u00e8re femme \u00e0 devenir millionnaire par ses propres moyens), Katherine\u00a0Johnson (math\u00e9maticienne de la NASA), Emily\u00a0Mills (fondatrice de How\u00a0She\u00a0Hustles), Susan\u00a0Walker (naturopathe, fondatrice de Earthtones Natural) et Tracy\u00a0Moore (journaliste de t\u00e9l\u00e9vision canadienne, animatrice de Cityline) ne sont que quelques-unes des femmes noires qui m\u2019inspirent vraiment.<\/p>\n<blockquote><p>\u00ab\u00a0Lorsque je suis confront\u00e9e \u00e0 la d\u00e9faite, au rejet et \u00e0 la frustration, je pense aux pionni\u00e8res noires qui m\u2019ont ouvert la voie. <strong><em>\u00bb<\/em><\/strong><\/p><\/blockquote>\n<p>En 2012, j\u2019ai finalement d\u00e9cid\u00e9 de me lancer et de pr\u00e9parer mon plan d\u2019affaires. Aujourd\u2019hui, je peux dire avec fiert\u00e9 que je suis la fondatrice de Cornerstone Family Services et la cr\u00e9atrice de Reward\u2019um\u2122, le premier tableau de routine avec autocollants r\u00e9utilisables. Lorsque je suis confront\u00e9e \u00e0 la d\u00e9faite, au rejet et \u00e0 la frustration, je pense aux pionni\u00e8res noires qui m\u2019ont ouvert la voie. Ces femmes noires ont travers\u00e9 de terribles \u00e9preuves, mais elles n\u2019ont jamais abandonn\u00e9; elles ont pers\u00e9v\u00e9r\u00e9 et ont poursuivi leurs r\u00eaves sans r\u00e9serve. Leur histoire m\u2019a appris \u00e0 r\u00eaver grand, \u00e0 viser haut, m\u00eame si j\u2019ai l\u2019impression d\u2019\u00eatre un petit poisson dans un grand \u00e9tang. Je ne laisserai pas le rejet me dissuader d\u2019atteindre mes objectifs.<\/p>\n<p>On sait que l\u2019\u00e9chec est in\u00e9vitable; ce qui est important, c\u2019est que j\u2019en tire des le\u00e7ons et que je continue.<\/p>\n<p><img decoding=\"async\" class=\"wp-image-2588 size-full aligncenter\" src=\"https:\/\/resources.purolator.com\/wp-content\/uploads\/2021\/01\/rewardum_product.png\" alt=\"Rewardum activities from Black entrepeneur Marlene Spence\" width=\"480\" height=\"480\" srcset=\"https:\/\/resources.purolator.com\/wp-content\/uploads\/2021\/01\/rewardum_product.png 480w, https:\/\/resources.purolator.com\/wp-content\/uploads\/2021\/01\/rewardum_product-350x350.png 350w, https:\/\/resources.purolator.com\/wp-content\/uploads\/2021\/01\/rewardum_product-150x150.png 150w\" sizes=\"(max-width: 480px) 100vw, 480px\" \/><\/p>\n<h2>Soutenir le Mois de l&rsquo;histoire des Noirs et les entrepreneurs noirs<\/h2>\n<p>Nous invitons tous les Canadiens \u00e0 soutenir les entreprises appartenant \u00e0 des Noirs dans leur collectivit\u00e9, durant les c\u00e9l\u00e9brations du Mois de l\u2019histoire des Noirs en f\u00e9vrier et toute l\u2019ann\u00e9e. Merci d\u2019avoir contribu\u00e9 \u00e0 rendre le Canada plus fort.<\/p>\n<p>Pour en apprendre davantage sur l\u2019engagement de Purolator envers la diversit\u00e9 et l\u2019inclusion, t\u00e9l\u00e9chargez notre plus r\u00e9cent <a href=\"https:\/\/www.purolator.com\/fr\/media\/7341\/download\" target=\"_blank\" rel=\"noopener noreferrer\">rapport sur la responsabilit\u00e9 sociale d\u2019entreprise<\/a>.<\/p>\n<p><em>Remarque : Les opinions et l\u2019information contenues dans ces histoires sont exprim\u00e9es par les contributeurs et non par Purolator.<\/em><\/p>\n<\/section>\n<\/section>\n<\/section>\n<\/section>\n","protected":false},"excerpt":{"rendered":"<p>Des propri\u00e9taires noirs de petites entreprises r\u00e9fl\u00e9chissent aux sources d\u2019inspiration qui contribuent \u00e0 leur succ\u00e8s. <\/p>\n","protected":false},"author":14,"featured_media":2604,"comment_status":"closed","ping_status":"closed","sticky":false,"template":"","format":[43],"meta":{"_acf_changed":false,"inline_featured_image":false,"footnotes":""},"learn_about":[88],"bundle":[],"class_list":["post-2597","post","type-post","status-publish","format-standard","has-post-thumbnail","hentry","learn_about-diversite-inclusion","format-article-fr"],"acf":[],"yoast_head":"<!-- This site is optimized with the Yoast SEO plugin v27.3 - https:\/\/yoast.com\/product\/yoast-seo-wordpress\/ -->\n<title>Mois de l\u2019histoire des Noirs : C\u00e9l\u00e9brer la r\u00e9silience et les r\u00e9alisations | Purolator<\/title>\n<meta name=\"description\" content=\"Pour le Mois de l\u2019histoire des Noirs, Purolator a demand\u00e9 \u00e0 quelques propri\u00e9taires noirs de petites entreprises de r\u00e9v\u00e9ler leurs sources d\u2019inspiration.\" \/>\n<meta name=\"robots\" content=\"index, follow, max-snippet:-1, max-image-preview:large, max-video-preview:-1\" \/>\n<link rel=\"canonical\" href=\"https:\/\/resources.purolator.com\/fr\/mois-de-lhistoire-des-noirs-celebrer-la-resilience-et-les-realisations\/\" \/>\n<meta property=\"og:locale\" content=\"fr_FR\" \/>\n<meta property=\"og:type\" content=\"article\" \/>\n<meta property=\"og:title\" content=\"Mois de l\u2019histoire des Noirs : C\u00e9l\u00e9brer la r\u00e9silience et les r\u00e9alisations | Purolator\" \/>\n<meta property=\"og:description\" content=\"Pour le Mois de l\u2019histoire des Noirs, Purolator a demand\u00e9 \u00e0 quelques propri\u00e9taires noirs de petites entreprises de r\u00e9v\u00e9ler leurs sources d\u2019inspiration.\" \/>\n<meta property=\"og:url\" content=\"https:\/\/resources.purolator.com\/fr\/mois-de-lhistoire-des-noirs-celebrer-la-resilience-et-les-realisations\/\" \/>\n<meta property=\"og:site_name\" content=\"Purolator\" \/>\n<meta property=\"article:publisher\" content=\"https:\/\/www.facebook.com\/PurolatorInc\" \/>\n<meta property=\"article:published_time\" content=\"2021-01-29T14:58:59+00:00\" \/>\n<meta property=\"article:modified_time\" content=\"2022-05-30T13:54:55+00:00\" \/>\n<meta property=\"og:image\" content=\"https:\/\/resources.purolator.com\/wp-content\/uploads\/2021\/01\/SMB_Black_History_Month_Hero-3.jpg\" \/>\n\t<meta property=\"og:image:width\" content=\"1500\" \/>\n\t<meta property=\"og:image:height\" content=\"500\" \/>\n\t<meta property=\"og:image:type\" content=\"image\/jpeg\" \/>\n<meta name=\"author\" content=\"Ashley Drew\" \/>\n<meta name=\"twitter:card\" content=\"summary_large_image\" \/>\n<meta name=\"twitter:creator\" content=\"@PurolatorInc\" \/>\n<meta name=\"twitter:site\" content=\"@PurolatorInc\" \/>\n<meta name=\"twitter:label1\" content=\"\u00c9crit par\" \/>\n\t<meta name=\"twitter:data1\" content=\"Ashley Drew\" \/>\n\t<meta name=\"twitter:label2\" content=\"Dur\u00e9e de lecture estim\u00e9e\" \/>\n\t<meta name=\"twitter:data2\" content=\"9 minutes\" \/>\n<!-- \/ Yoast SEO plugin. -->","yoast_head_json":{"title":"Mois de l\u2019histoire des Noirs : C\u00e9l\u00e9brer la r\u00e9silience et les r\u00e9alisations | Purolator","description":"Pour le Mois de l\u2019histoire des Noirs, Purolator a demand\u00e9 \u00e0 quelques propri\u00e9taires noirs de petites entreprises de r\u00e9v\u00e9ler leurs sources d\u2019inspiration.","robots":{"index":"index","follow":"follow","max-snippet":"max-snippet:-1","max-image-preview":"max-image-preview:large","max-video-preview":"max-video-preview:-1"},"canonical":"https:\/\/resources.purolator.com\/fr\/mois-de-lhistoire-des-noirs-celebrer-la-resilience-et-les-realisations\/","og_locale":"fr_FR","og_type":"article","og_title":"Mois de l\u2019histoire des Noirs : C\u00e9l\u00e9brer la r\u00e9silience et les r\u00e9alisations | Purolator","og_description":"Pour le Mois de l\u2019histoire des Noirs, Purolator a demand\u00e9 \u00e0 quelques propri\u00e9taires noirs de petites entreprises de r\u00e9v\u00e9ler leurs sources d\u2019inspiration.","og_url":"https:\/\/resources.purolator.com\/fr\/mois-de-lhistoire-des-noirs-celebrer-la-resilience-et-les-realisations\/","og_site_name":"Purolator","article_publisher":"https:\/\/www.facebook.com\/PurolatorInc","article_published_time":"2021-01-29T14:58:59+00:00","article_modified_time":"2022-05-30T13:54:55+00:00","og_image":[{"width":1500,"height":500,"url":"https:\/\/resources.purolator.com\/wp-content\/uploads\/2021\/01\/SMB_Black_History_Month_Hero-3.jpg","type":"image\/jpeg"}],"author":"Ashley Drew","twitter_card":"summary_large_image","twitter_creator":"@PurolatorInc","twitter_site":"@PurolatorInc","twitter_misc":{"\u00c9crit par":"Ashley Drew","Dur\u00e9e de lecture estim\u00e9e":"9 minutes"},"schema":{"@context":"https:\/\/schema.org","@graph":[{"@type":"Article","@id":"https:\/\/resources.purolator.com\/fr\/mois-de-lhistoire-des-noirs-celebrer-la-resilience-et-les-realisations\/#article","isPartOf":{"@id":"https:\/\/resources.purolator.com\/fr\/mois-de-lhistoire-des-noirs-celebrer-la-resilience-et-les-realisations\/"},"author":{"name":"Ashley Drew","@id":"https:\/\/resources.purolator.com\/fr\/#\/schema\/person\/0156d0e9cd2a576638a4b8f27a8a0334"},"headline":"Mois de l\u2019histoire des Noirs : C\u00e9l\u00e9brer la r\u00e9silience et les r\u00e9alisations","datePublished":"2021-01-29T14:58:59+00:00","dateModified":"2022-05-30T13:54:55+00:00","mainEntityOfPage":{"@id":"https:\/\/resources.purolator.com\/fr\/mois-de-lhistoire-des-noirs-celebrer-la-resilience-et-les-realisations\/"},"wordCount":1720,"publisher":{"@id":"https:\/\/resources.purolator.com\/fr\/#organization"},"image":{"@id":"https:\/\/resources.purolator.com\/fr\/mois-de-lhistoire-des-noirs-celebrer-la-resilience-et-les-realisations\/#primaryimage"},"thumbnailUrl":"https:\/\/resources.purolator.com\/wp-content\/uploads\/2021\/01\/SMB_Black_History_Month_Hero-3.jpg","inLanguage":"fr-FR"},{"@type":"WebPage","@id":"https:\/\/resources.purolator.com\/fr\/mois-de-lhistoire-des-noirs-celebrer-la-resilience-et-les-realisations\/","url":"https:\/\/resources.purolator.com\/fr\/mois-de-lhistoire-des-noirs-celebrer-la-resilience-et-les-realisations\/","name":"Mois de l\u2019histoire des Noirs : C\u00e9l\u00e9brer la r\u00e9silience et les r\u00e9alisations | Purolator","isPartOf":{"@id":"https:\/\/resources.purolator.com\/fr\/#website"},"primaryImageOfPage":{"@id":"https:\/\/resources.purolator.com\/fr\/mois-de-lhistoire-des-noirs-celebrer-la-resilience-et-les-realisations\/#primaryimage"},"image":{"@id":"https:\/\/resources.purolator.com\/fr\/mois-de-lhistoire-des-noirs-celebrer-la-resilience-et-les-realisations\/#primaryimage"},"thumbnailUrl":"https:\/\/resources.purolator.com\/wp-content\/uploads\/2021\/01\/SMB_Black_History_Month_Hero-3.jpg","datePublished":"2021-01-29T14:58:59+00:00","dateModified":"2022-05-30T13:54:55+00:00","description":"Pour le Mois de l\u2019histoire des Noirs, Purolator a demand\u00e9 \u00e0 quelques propri\u00e9taires noirs de petites entreprises de r\u00e9v\u00e9ler leurs sources d\u2019inspiration.","breadcrumb":{"@id":"https:\/\/resources.purolator.com\/fr\/mois-de-lhistoire-des-noirs-celebrer-la-resilience-et-les-realisations\/#breadcrumb"},"inLanguage":"fr-FR","potentialAction":[{"@type":"ReadAction","target":["https:\/\/resources.purolator.com\/fr\/mois-de-lhistoire-des-noirs-celebrer-la-resilience-et-les-realisations\/"]}]},{"@type":"ImageObject","inLanguage":"fr-FR","@id":"https:\/\/resources.purolator.com\/fr\/mois-de-lhistoire-des-noirs-celebrer-la-resilience-et-les-realisations\/#primaryimage","url":"https:\/\/resources.purolator.com\/wp-content\/uploads\/2021\/01\/SMB_Black_History_Month_Hero-3.jpg","contentUrl":"https:\/\/resources.purolator.com\/wp-content\/uploads\/2021\/01\/SMB_Black_History_Month_Hero-3.jpg","width":1500,"height":500,"caption":"SMBs profiles for Black History Month"},{"@type":"BreadcrumbList","@id":"https:\/\/resources.purolator.com\/fr\/mois-de-lhistoire-des-noirs-celebrer-la-resilience-et-les-realisations\/#breadcrumb","itemListElement":[{"@type":"ListItem","position":1,"name":"Home","item":"https:\/\/resources.purolator.com\/fr\/"},{"@type":"ListItem","position":2,"name":"Mois de l\u2019histoire des Noirs : C\u00e9l\u00e9brer la r\u00e9silience et les r\u00e9alisations"}]},{"@type":"WebSite","@id":"https:\/\/resources.purolator.com\/fr\/#website","url":"https:\/\/resources.purolator.com\/fr\/","name":"Purolator","description":"","publisher":{"@id":"https:\/\/resources.purolator.com\/fr\/#organization"},"potentialAction":[{"@type":"SearchAction","target":{"@type":"EntryPoint","urlTemplate":"https:\/\/resources.purolator.com\/fr\/?s={search_term_string}"},"query-input":{"@type":"PropertyValueSpecification","valueRequired":true,"valueName":"search_term_string"}}],"inLanguage":"fr-FR"},{"@type":"Organization","@id":"https:\/\/resources.purolator.com\/fr\/#organization","name":"Purolator","url":"https:\/\/resources.purolator.com\/fr\/","logo":{"@type":"ImageObject","inLanguage":"fr-FR","@id":"https:\/\/resources.purolator.com\/fr\/#\/schema\/logo\/image\/","url":"https:\/\/resources.purolator.com\/wp-content\/uploads\/2019\/10\/Purolator-NRS-rgb_JPEG-format.jpg","contentUrl":"https:\/\/resources.purolator.com\/wp-content\/uploads\/2019\/10\/Purolator-NRS-rgb_JPEG-format.jpg","width":393,"height":54,"caption":"Purolator"},"image":{"@id":"https:\/\/resources.purolator.com\/fr\/#\/schema\/logo\/image\/"},"sameAs":["https:\/\/www.facebook.com\/PurolatorInc","https:\/\/x.com\/PurolatorInc","https:\/\/instagram.com\/purolatorinc","https:\/\/www.linkedin.com\/company\/8948"]},{"@type":"Person","@id":"https:\/\/resources.purolator.com\/fr\/#\/schema\/person\/0156d0e9cd2a576638a4b8f27a8a0334","name":"Ashley Drew","image":{"@type":"ImageObject","inLanguage":"fr-FR","@id":"https:\/\/secure.gravatar.com\/avatar\/b42f760fb94f3984e8ed5c0532d98987e3f2bfc2c2fdb1ca9e1117b729eeca88?s=96&d=mm&r=g","url":"https:\/\/secure.gravatar.com\/avatar\/b42f760fb94f3984e8ed5c0532d98987e3f2bfc2c2fdb1ca9e1117b729eeca88?s=96&d=mm&r=g","contentUrl":"https:\/\/secure.gravatar.com\/avatar\/b42f760fb94f3984e8ed5c0532d98987e3f2bfc2c2fdb1ca9e1117b729eeca88?s=96&d=mm&r=g","caption":"Ashley Drew"}}]}},"wpml_current_locale":"fr_FR","wpml_translations":{"en_US":{"locale":"en_US","id":2558,"slug":"black-history-month-celebrating-resilience-and-achievement","post_title":"Black History Month: Celebrating Resilience and Achievement","href":"https:\/\/resources.purolator.com\/black-history-month-celebrating-resilience-and-achievement\/"},"fr_FR":{"locale":"fr_FR","id":2597,"slug":"mois-de-lhistoire-des-noirs-celebrer-la-resilience-et-les-realisations","post_title":"Mois de l\u2019histoire des Noirs : C\u00e9l\u00e9brer la r\u00e9silience et les r\u00e9alisations","href":"https:\/\/resources.purolator.com\/fr\/mois-de-lhistoire-des-noirs-celebrer-la-resilience-et-les-realisations\/"}},"_links":{"self":[{"href":"https:\/\/resources.purolator.com\/fr\/wp-json\/wp\/v2\/posts\/2597","targetHints":{"allow":["GET"]}}],"collection":[{"href":"https:\/\/resources.purolator.com\/fr\/wp-json\/wp\/v2\/posts"}],"about":[{"href":"https:\/\/resources.purolator.com\/fr\/wp-json\/wp\/v2\/types\/post"}],"author":[{"embeddable":true,"href":"https:\/\/resources.purolator.com\/fr\/wp-json\/wp\/v2\/users\/14"}],"replies":[{"embeddable":true,"href":"https:\/\/resources.purolator.com\/fr\/wp-json\/wp\/v2\/comments?post=2597"}],"version-history":[{"count":0,"href":"https:\/\/resources.purolator.com\/fr\/wp-json\/wp\/v2\/posts\/2597\/revisions"}],"wp:featuredmedia":[{"embeddable":true,"href":"https:\/\/resources.purolator.com\/fr\/wp-json\/wp\/v2\/media\/2604"}],"wp:attachment":[{"href":"https:\/\/resources.purolator.com\/fr\/wp-json\/wp\/v2\/media?parent=2597"}],"wp:term":[{"taxonomy":"learn_about","embeddable":true,"href":"https:\/\/resources.purolator.com\/fr\/wp-json\/wp\/v2\/learn_about?post=2597"},{"taxonomy":"format","embeddable":true,"href":"https:\/\/resources.purolator.com\/fr\/wp-json\/wp\/v2\/format?post=2597"},{"taxonomy":"bundle","embeddable":true,"href":"https:\/\/resources.purolator.com\/fr\/wp-json\/wp\/v2\/bundle?post=2597"}],"curies":[{"name":"wp","href":"https:\/\/api.w.org\/{rel}","templated":true}]}}